{"id":3141,"date":"2026-08-20T08:50:31","date_gmt":"2026-08-20T00:50:31","guid":{"rendered":"https:\/\/www.u-charg.com\/?p=3141"},"modified":"2026-08-20T11:54:46","modified_gmt":"2026-08-20T03:54:46","slug":"fleet-ev-charging-solutions-choose-the-right-ac-dc-chargers","status":"publish","type":"post","link":"https:\/\/www.u-charg.com\/pt\/fleet-ev-charging-solutions-choose-the-right-ac-dc-chargers\/","title":{"rendered":"Solu\u00e7\u00f5es de carregamento para frotas de ve\u00edculos el\u00e9tricos: escolha os carregadores CA e CC certos."},"content":{"rendered":"<p>As solu\u00e7\u00f5es de carregamento de ve\u00edculos el\u00e9tricos para frotas devem ser projetadas considerando o hor\u00e1rio de retorno dos ve\u00edculos, a dist\u00e2ncia percorrida, o tempo de estacionamento e o hor\u00e1rio de partida. O carregamento CA pode atender ve\u00edculos com longos per\u00edodos de perman\u00eancia na garagem, enquanto o carregamento r\u00e1pido CC pode recarregar a energia da bateria e restaurar o estado de carga (SOC) do ve\u00edculo em intervalos operacionais mais curtos. Portanto, o layout ideal de carregamento \u00e9 uma decis\u00e3o de planejamento de infraestrutura baseada nas necessidades de energia, nos cronogramas dos ve\u00edculos e nas restri\u00e7\u00f5es operacionais.<\/p>\n<p><a href=\"https:\/\/www.u-charg.com\/pt\"><strong><u><b>U-charging<\/b><\/u><\/strong><\/a>\u00a0Oferece uma op\u00e7\u00e3o de carregamento CA inteligente de 7 kW \/ 11 kW \/ 22 kW para estadias prolongadas previs\u00edveis e um carregador CC r\u00e1pido de 120 a 240 kW com um design de refrigera\u00e7\u00e3o a ar otimizado para opera\u00e7\u00f5es de frotas de alta utiliza\u00e7\u00e3o. A combina\u00e7\u00e3o do equipamento adequado com um planejamento claro de estacionamento, infraestrutura el\u00e9trica e conectividade ajuda uma frota a aumentar a capacidade de carregamento sem separar as decis\u00f5es de hardware das opera\u00e7\u00f5es di\u00e1rias.<\/p>\n<p><img fetchpriority=\"high\" decoding=\"async\" class=\"wp-image-3147 aligncenter\" src=\"https:\/\/www.u-charg.com\/wp-content\/uploads\/2026\/08\/Internal-Product-Showcase.jpg\" alt=\"Apresenta\u00e7\u00e3o interna de produtos\" width=\"879\" height=\"628\" srcset=\"https:\/\/www.u-charg.com\/wp-content\/uploads\/2026\/08\/Internal-Product-Showcase.jpg 700w, https:\/\/www.u-charg.com\/wp-content\/uploads\/2026\/08\/Internal-Product-Showcase-300x214.jpg 300w, https:\/\/www.u-charg.com\/wp-content\/uploads\/2026\/08\/Internal-Product-Showcase-18x12.jpg 18w, https:\/\/www.u-charg.com\/wp-content\/uploads\/2026\/08\/Internal-Product-Showcase-600x429.jpg 600w\" sizes=\"(max-width: 879px) 100vw, 879px\" \/><\/p>\n<h2><strong><b>Comece com o ciclo operacional da frota.<\/b><\/strong><\/h2>\n<p>Cada frota tem uma janela de carregamento diferente. Ve\u00edculos de entrega podem retornar em ondas, ve\u00edculos de servi\u00e7o podem ficar estacionados durante a noite e ve\u00edculos compartilhados podem sair v\u00e1rias vezes ao dia. Mapear o hor\u00e1rio de chegada, o hor\u00e1rio de partida, a dist\u00e2ncia da rota e a disponibilidade necess\u00e1ria revela onde o carregamento CA mais lento \u00e9 suficiente e onde a capacidade CC pode ser necess\u00e1ria. O planejamento tamb\u00e9m deve levar em conta ve\u00edculos que retornam mais tarde do que o esperado ou iniciam o pr\u00f3ximo turno com um n\u00edvel de carga da bateria (SOC) mais baixo ou uma demanda di\u00e1ria de energia maior.<\/p>\n<h3><strong><b>Ve\u00edculos agrupados por tempo de perman\u00eancia<\/b><\/strong><\/h3>\n<p>Ve\u00edculos estacionados durante a noite toda ou por per\u00edodos prolongados geralmente s\u00e3o adequados para carregamento CA, dependendo da capacidade da bateria, quilometragem di\u00e1ria, n\u00edvel de carga (SOC) desejado para partida e capacidade do carregador de bordo. Unidades com pausas curtas, partidas imprevis\u00edveis ou m\u00faltiplos turnos di\u00e1rios podem precisar de acesso ao carregamento r\u00e1pido CC, dependendo de sua capacidade de carregamento e da capacidade el\u00e9trica dispon\u00edvel no local.<\/p>\n<p>Agrupar os ve\u00edculos por padr\u00e3o de opera\u00e7\u00e3o tamb\u00e9m melhora a disciplina de estacionamento. Faixas de carregamento dedicadas, cabos de f\u00e1cil acesso e um processo de rota\u00e7\u00e3o acordado reduzem a probabilidade de um ve\u00edculo totalmente carregado diminuir a disponibilidade de carregadores para as opera\u00e7\u00f5es subsequentes.<\/p>\n<p><img decoding=\"async\" class=\"wp-image-3122 aligncenter\" src=\"https:\/\/www.u-charg.com\/wp-content\/uploads\/2026\/08\/Smart-AC-EV-charger-for-hotel-parking-and-commercial-buildings.jpg\" alt=\"Carregador inteligente CA para ve\u00edculos el\u00e9tricos, ideal para estacionamentos de hot\u00e9is e edif\u00edcios comerciais.\" width=\"727\" height=\"727\" srcset=\"https:\/\/www.u-charg.com\/wp-content\/uploads\/2026\/08\/Smart-AC-EV-charger-for-hotel-parking-and-commercial-buildings.jpg 600w, https:\/\/www.u-charg.com\/wp-content\/uploads\/2026\/08\/Smart-AC-EV-charger-for-hotel-parking-and-commercial-buildings-300x300.jpg 300w, https:\/\/www.u-charg.com\/wp-content\/uploads\/2026\/08\/Smart-AC-EV-charger-for-hotel-parking-and-commercial-buildings-150x150.jpg 150w, https:\/\/www.u-charg.com\/wp-content\/uploads\/2026\/08\/Smart-AC-EV-charger-for-hotel-parking-and-commercial-buildings-12x12.jpg 12w, https:\/\/www.u-charg.com\/wp-content\/uploads\/2026\/08\/Smart-AC-EV-charger-for-hotel-parking-and-commercial-buildings-100x100.jpg 100w\" sizes=\"(max-width: 727px) 100vw, 727px\" \/><\/p>\n<h2><strong><b>Escolha o carregamento CA para estadias previs\u00edveis no dep\u00f3sito.<\/b><\/strong><\/h2>\n<p>O <a href=\"https:\/\/www.u-charg.com\/pt\/produto\/7-22kw-smart-ac-ev-charger\/\"><strong><u>U-charging <\/u><\/strong><strong><u>Carregador inteligente CA para ve\u00edculos el\u00e9tricos de 7 kW \/ 11 kW \/ 22 kW<\/u><\/strong><\/a><strong>\u00a0<\/strong>Est\u00e1 dispon\u00edvel em configura\u00e7\u00f5es de 7 kW, 11 kW e 22 kW. Suporta instala\u00e7\u00e3o na parede ou em pedestal, inclui um cabo de carregamento de 5 metros e tela sens\u00edvel ao toque, al\u00e9m de possuir classifica\u00e7\u00e3o IP55 para opera\u00e7\u00e3o externa. O controle por aplicativo, o acesso por RFID e as fun\u00e7\u00f5es de carregamento inteligente permitem que os operadores de frotas gerenciem o acesso, os hor\u00e1rios de carregamento e o consumo de energia com mais efici\u00eancia. O produto tamb\u00e9m suporta 4G, Wi-Fi, Ethernet, Bluetooth e OCPP 1.6J, permitindo a conex\u00e3o com uma plataforma operacional quando o software e a implanta\u00e7\u00e3o selecionados forem compat\u00edveis.<\/p>\n<p>Os equipamentos de corrente alternada podem ser distribu\u00eddos entre vagas de estacionamento noturno ou atribu\u00eddos a ve\u00edculos com hor\u00e1rios de funcionamento regulares. O carregador de bordo do ve\u00edculo determina a pot\u00eancia de corrente alternada que ele pode receber; portanto, uma esta\u00e7\u00e3o de 22 kW n\u00e3o fornecer\u00e1 22 kW para todos os ve\u00edculos; a capacidade do ve\u00edculo deve continuar sendo considerada na decis\u00e3o de configura\u00e7\u00e3o.<\/p>\n<h2><strong><b>Tabela de sele\u00e7\u00e3o de carregamento CA\/CC para frotas<\/b><\/strong><\/h2>\n<table style=\"width: 100%; border-collapse: collapse;\" border=\"1\">\n<tbody>\n<tr>\n<td style=\"width: 25.1991%; text-align: center;\"><strong><b>Requisitos da frota<\/b><\/strong><\/td>\n<td style=\"width: 31.4989%; text-align: center;\"><strong><b>Carregamento CA<\/b><\/strong><\/td>\n<td style=\"width: 43.2295%; text-align: center;\"><strong><b>Carregamento r\u00e1pido DC<\/b><\/strong><\/td>\n<\/tr>\n<tr>\n<td style=\"width: 25.1991%; text-align: center;\">Estacionamento noturno<\/td>\n<td style=\"width: 31.4989%; text-align: center;\">\u2713 Adequado<\/td>\n<td style=\"width: 43.2295%; text-align: center;\">Opcional<\/td>\n<\/tr>\n<tr>\n<td style=\"width: 25.1991%; text-align: center;\">Tempo de perman\u00eancia prolongado do ve\u00edculo<\/td>\n<td style=\"width: 31.4989%; text-align: center;\">\u2713 Adequado<\/td>\n<td style=\"width: 43.2295%; text-align: center;\">Geralmente desnecess\u00e1rio<\/td>\n<\/tr>\n<tr>\n<td style=\"width: 25.1991%; text-align: center;\">Prazo de entrega curto<\/td>\n<td style=\"width: 31.4989%; text-align: center;\">Limitado<\/td>\n<td style=\"width: 43.2295%; text-align: center;\">\u2713 Adequado<\/td>\n<\/tr>\n<tr>\n<td style=\"width: 25.1991%; text-align: center;\">V\u00e1rios turnos por dia<\/td>\n<td style=\"width: 31.4989%; text-align: center;\">Pode ser insuficiente<\/td>\n<td style=\"width: 43.2295%; text-align: center;\">\u2713 Mais adequado<\/td>\n<\/tr>\n<tr>\n<td style=\"width: 25.1991%; text-align: center;\">Alta quilometragem di\u00e1ria<\/td>\n<td style=\"width: 31.4989%; text-align: center;\">Depende do tempo de perman\u00eancia<\/td>\n<td style=\"width: 43.2295%; text-align: center;\">\u2713 Frequentemente adequado<\/td>\n<\/tr>\n<tr>\n<td style=\"width: 25.1991%; text-align: center;\">Cronograma de carregamento previs\u00edvel<\/td>\n<td style=\"width: 31.4989%; text-align: center;\">\u2713 Adequado<\/td>\n<td style=\"width: 43.2295%; text-align: center;\">\u2713 Adequado<\/td>\n<\/tr>\n<tr>\n<td style=\"width: 25.1991%; text-align: center;\">Capacidade da rede limitada<\/td>\n<td style=\"width: 31.4989%; text-align: center;\">\u2713 Mais f\u00e1cil de distribuir<\/td>\n<td style=\"width: 43.2295%; text-align: center;\">Requer planejamento cuidadoso<\/td>\n<\/tr>\n<tr>\n<td style=\"width: 25.1991%; text-align: center;\">Necessidade de reposi\u00e7\u00e3o r\u00e1pida de energia<\/td>\n<td style=\"width: 31.4989%; text-align: center;\">Limitado<\/td>\n<td style=\"width: 43.2295%; text-align: center;\">\u2713 Adequado<\/td>\n<\/tr>\n<tr>\n<td style=\"width: 25.1991%; text-align: center;\">Aplica\u00e7\u00e3o t\u00edpica de frota<\/td>\n<td style=\"width: 31.4989%; text-align: center;\">Carros compartilhados, ve\u00edculos de servi\u00e7o, frotas para pernoite<\/td>\n<td style=\"width: 43.2295%; text-align: center;\">Frotas de entrega, ve\u00edculos comerciais, opera\u00e7\u00f5es em v\u00e1rios turnos<\/td>\n<\/tr>\n<\/tbody>\n<\/table>\n<p>A sele\u00e7\u00e3o deve ser baseada, em \u00faltima an\u00e1lise, na capacidade da bateria do ve\u00edculo, na capacidade de carregamento a bordo, no consumo di\u00e1rio de energia, no tempo de perman\u00eancia dispon\u00edvel e na capacidade el\u00e9trica do local, e n\u00e3o apenas na pot\u00eancia do carregador.<\/p>\n<h2><strong><b>Use o carregamento r\u00e1pido DC para tempos de resposta mais curtos.<\/b><\/strong><\/h2>\n<p>O <a href=\"https:\/\/www.u-charg.com\/pt\/produto\/120-240kw-low-noise-dc-fast-charger\/\"><strong><u>Carregador r\u00e1pido CC de baixo ru\u00eddo U-charging de 120\u2013240 kW<\/u><\/strong><\/a>\u00a0A s\u00e9rie abrange uma faixa de pot\u00eancia de 120 a 240 kW e suporta uma faixa de sa\u00edda de 200 a 1000 V. A unidade inclui uma tela sens\u00edvel ao toque de 10,1 polegadas com m\u00e9todos de inicializa\u00e7\u00e3o por aplicativo e RFID; o sistema POS est\u00e1 dispon\u00edvel como opcional.<\/p>\n<p>O carregador \u00e9 compat\u00edvel com 4G, Wi-Fi, Ethernet, Bluetooth e OCPP 1.6J. Seu inv\u00f3lucro IP54 e o design otimizado de resfriamento a ar s\u00e3o ideais para aplica\u00e7\u00f5es comerciais e de frotas, onde o gerenciamento t\u00e9rmico eficiente \u00e9 essencial. Uma frota pode posicionar equipamentos de carregamento CC nos ve\u00edculos com menor tempo de inatividade ou maior utiliza\u00e7\u00e3o di\u00e1ria. A estrutura de dois conectores oferece duas conex\u00f5es f\u00edsicas de carregamento, mas as informa\u00e7\u00f5es dispon\u00edveis n\u00e3o definem a aloca\u00e7\u00e3o simult\u00e2nea de energia; portanto, o planejamento operacional n\u00e3o deve pressupor uma divis\u00e3o espec\u00edfica entre os ve\u00edculos.<\/p>\n<p><img decoding=\"async\" class=\"wp-image-3143 aligncenter\" src=\"https:\/\/www.u-charg.com\/wp-content\/uploads\/2026\/08\/120-240kW-Low-noise-DC-Fast-Charger-for-fleet.jpg\" alt=\"Carregador r\u00e1pido CC de baixo ru\u00eddo de 120-240 kW para frotas\" width=\"849\" height=\"849\" srcset=\"https:\/\/www.u-charg.com\/wp-content\/uploads\/2026\/08\/120-240kW-Low-noise-DC-Fast-Charger-for-fleet.jpg 600w, https:\/\/www.u-charg.com\/wp-content\/uploads\/2026\/08\/120-240kW-Low-noise-DC-Fast-Charger-for-fleet-300x300.jpg 300w, https:\/\/www.u-charg.com\/wp-content\/uploads\/2026\/08\/120-240kW-Low-noise-DC-Fast-Charger-for-fleet-150x150.jpg 150w, https:\/\/www.u-charg.com\/wp-content\/uploads\/2026\/08\/120-240kW-Low-noise-DC-Fast-Charger-for-fleet-12x12.jpg 12w, https:\/\/www.u-charg.com\/wp-content\/uploads\/2026\/08\/120-240kW-Low-noise-DC-Fast-Charger-for-fleet-100x100.jpg 100w\" sizes=\"(max-width: 849px) 100vw, 849px\" \/><\/p>\n<h2><strong><b>Planejar a infraestrutura el\u00e9trica do dep\u00f3sito<\/b><\/strong><\/h2>\n<p>A sele\u00e7\u00e3o dos carregadores deve ser coordenada com a capacidade de distribui\u00e7\u00e3o do dep\u00f3sito, o trajeto dos cabos, a geometria do estacionamento, a drenagem, a prote\u00e7\u00e3o contra impactos e o acesso para manuten\u00e7\u00e3o. A instala\u00e7\u00e3o de v\u00e1rios carregadores cria uma demanda combinada no local que pode ser mais importante do que a pot\u00eancia nominal de qualquer unidade individual.<\/p>\n<p>O projeto deve levar em considera\u00e7\u00e3o quantos ve\u00edculos podem se conectar simultaneamente e se todos eles realmente precisam da pot\u00eancia m\u00e1xima. Como as normas locais de rede, licenciamento e requisitos el\u00e9tricos variam, profissionais qualificados devem confirmar o projeto final de distribui\u00e7\u00e3o e instala\u00e7\u00e3o para o local do projeto.<\/p>\n<h3><strong><b>Implementar Gest\u00e3o Din\u00e2mica de Carga para Carregamento de Frotas<\/b><\/strong><\/h3>\n<p>O Gerenciamento Din\u00e2mico de Carga (DLM, na sigla em ingl\u00eas) ajuda a equilibrar a pot\u00eancia de carregamento entre v\u00e1rios carregadores de ve\u00edculos el\u00e9tricos, ajustando a sa\u00edda de acordo com a capacidade do local em tempo real. Isso pode reduzir a demanda de pico e evitar atualiza\u00e7\u00f5es desnecess\u00e1rias na infraestrutura el\u00e9trica.<\/p>\n<h3><strong><b>Posicione os carregadores ao redor do movimento do ve\u00edculo.<\/b><\/strong><\/h3>\n<p>Os espa\u00e7os de carregamento para frotas devem priorizar um planejamento otimizado da circula\u00e7\u00e3o de ve\u00edculos, em vez de criar exig\u00eancias ineficientes de manobras, cruzamento de faixas ativas ou a necessidade de estender cabos sobre cal\u00e7adas. O cabo de 5 metros do carregador CA da U-charging oferece uma refer\u00eancia \u00fatil para o posicionamento, mas o carregador ainda precisa alcan\u00e7ar as entradas utilizadas pela frota.<\/p>\n<p>Os equipamentos de corrente cont\u00ednua (CC) precisam de espa\u00e7o suficiente para a aproxima\u00e7\u00e3o de ve\u00edculos, manuseio de cabos, fluxo de ar para refrigera\u00e7\u00e3o e manuten\u00e7\u00e3o. Em dep\u00f3sitos que operam 24 horas por dia, o acesso ao carregador deve permanecer poss\u00edvel sem interromper outras atividades de carregamento, estacionamento ou despacho.<\/p>\n<h2><strong><b>Conecte o carregamento com o gerenciamento de frotas<\/b><\/strong><\/h2>\n<p>O carregamento conectado pode ajudar a equipe de opera\u00e7\u00f5es a visualizar quais equipamentos est\u00e3o dispon\u00edveis e organizar o acesso entre motoristas ou grupos de ve\u00edculos. A tecnologia RFID permite partidas controladas, enquanto as op\u00e7\u00f5es de rede oferecem rotas para comunica\u00e7\u00e3o com uma plataforma de gerenciamento, dependendo das fun\u00e7\u00f5es suportadas pelo sistema selecionado.<\/p>\n<p>O OCPP 1.6J fornece aos produtos CA e CC uma base de protocolo comum. Isso n\u00e3o deve ser interpretado como compatibilidade autom\u00e1tica com todas as plataformas ou como confirma\u00e7\u00e3o de todas as fun\u00e7\u00f5es avan\u00e7adas do software; portanto, os requisitos de comissionamento e os fluxos de trabalho operacionais devem ser verificados antes da implementa\u00e7\u00e3o.<\/p>\n<h2><strong><b>Projetar solu\u00e7\u00f5es de carregamento de ve\u00edculos el\u00e9tricos para frotas em expans\u00e3o.<\/b><\/strong><\/h2>\n<p>Raramente um dep\u00f3sito precisa eletrificar todas as vagas de estacionamento de uma s\u00f3 vez. Uma solu\u00e7\u00e3o de carregamento de ve\u00edculos el\u00e9tricos por fases pode come\u00e7ar com os ve\u00edculos que t\u00eam as rotas mais livres e os tempos de perman\u00eancia mais longos, reservando capacidade el\u00e9trica, caminhos de condu\u00edtes, cobertura de rede e espa\u00e7o f\u00edsico para adi\u00e7\u00f5es posteriores.<\/p>\n<p>Uma configura\u00e7\u00e3o com prioridade para corrente alternada (CA) pode ser adequada para ve\u00edculos de servi\u00e7o e compartilhados estacionados durante a noite, com capacidade de corrente cont\u00ednua (CC) adicionada para unidades com alta quilometragem ou que operam em v\u00e1rios turnos. Essa abordagem mista permite que a frota adeque os equipamentos \u00e0 urg\u00eancia operacional, mantendo um plano consistente para acesso, conectividade, manuten\u00e7\u00e3o e crescimento futuro.<\/p>\n<h3><strong><b>Defina claramente as responsabilidades de cobran\u00e7a.<\/b><\/strong><\/h3>\n<p>Motoristas e funcion\u00e1rios da garagem precisam de regras simples para conectar ve\u00edculos, mov\u00ea-los ap\u00f3s o carregamento, relatar danos e responder a uma falha na conex\u00e3o. Responsabilidades operacionais definidas ajudam a manter a disponibilidade e a confiabilidade dos carregadores.<\/p>\n<p>O planejamento da manuten\u00e7\u00e3o deve incluir a inspe\u00e7\u00e3o do carregador, a condi\u00e7\u00e3o do cabo, o status da comunica\u00e7\u00e3o e o acesso seguro ao equipamento. Os procedimentos operacionais devem seguir a documenta\u00e7\u00e3o do produto e os requisitos locais aplic\u00e1veis, em vez de se basearem em intervalos de manuten\u00e7\u00e3o generalizados.<\/p>\n<p><img loading=\"lazy\" decoding=\"async\" class=\"wp-image-3148 aligncenter\" src=\"https:\/\/www.u-charg.com\/wp-content\/uploads\/2026\/08\/OEMODM-Requirements-Collection.jpg\" alt=\"Coleta de Requisitos OEM\/ODM\" width=\"864\" height=\"497\" srcset=\"https:\/\/www.u-charg.com\/wp-content\/uploads\/2026\/08\/OEMODM-Requirements-Collection.jpg 730w, https:\/\/www.u-charg.com\/wp-content\/uploads\/2026\/08\/OEMODM-Requirements-Collection-300x173.jpg 300w, https:\/\/www.u-charg.com\/wp-content\/uploads\/2026\/08\/OEMODM-Requirements-Collection-18x10.jpg 18w, https:\/\/www.u-charg.com\/wp-content\/uploads\/2026\/08\/OEMODM-Requirements-Collection-600x345.jpg 600w\" sizes=\"(max-width: 864px) 100vw, 864px\" \/><\/p>\n<h2><strong><b>Conclus\u00e3o<\/b><\/strong><\/h2>\n<p>As solu\u00e7\u00f5es eficazes de carregamento de ve\u00edculos el\u00e9tricos para frotas alinham a pot\u00eancia do carregador com os hor\u00e1rios dos ve\u00edculos, a capacidade da garagem e os requisitos de tempo de resposta operacional. O U-charging apoia essa abordagem com carregamento CA inteligente de 7 kW \/ 11 kW \/ 22 kW para ve\u00edculos de longa perman\u00eancia e carregamento CC r\u00e1pido de baixo ru\u00eddo de 120 a 240 kW para aplica\u00e7\u00f5es de maior utiliza\u00e7\u00e3o, com suporte de m\u00faltiplas op\u00e7\u00f5es de conectividade e OCPP 1.6J.<\/p>\n<p>Planejando um projeto de carregamento de ve\u00edculos el\u00e9tricos para sua frota? Compartilhe o tamanho da sua frota, modelos de ve\u00edculos, quilometragem di\u00e1ria, turnos de opera\u00e7\u00e3o e capacidade de rede dispon\u00edvel com a U-charging para discutir uma configura\u00e7\u00e3o de carregamento CA, CC ou mista para sua frota. Explore <a href=\"https:\/\/www.u-charg.com\/pt\/category\/solution\/\"><strong><u>Solu\u00e7\u00f5es de carregamento de ve\u00edculos el\u00e9tricos U-charging<\/u><\/strong><\/a>\u00a0Para saber mais.<\/p>\n<h2><strong><b>Perguntas frequentes<\/b><\/strong><\/h2>\n<h3><strong><b>P: Uma frota deve usar carregadores CA ou carregadores r\u00e1pidos CC?<\/b><\/strong><\/h3>\n<p>A: Frotas com longos per\u00edodos de estacionamento noturno geralmente podem usar o carregamento CA para grande parte da recupera\u00e7\u00e3o de energia di\u00e1ria. O carregamento r\u00e1pido CC \u00e9 mais relevante para ve\u00edculos com tempos de retorno curtos, m\u00faltiplos turnos ou maior utiliza\u00e7\u00e3o. Muitas garagens podem combinar os dois tipos de carregamento e atribuir equipamentos CC aos ve\u00edculos mais sens\u00edveis ao tempo de recarga.<\/p>\n<h3><strong><b>P: Quais as op\u00e7\u00f5es de pot\u00eancia de carregamento CA que a U-charging oferece para frotas?<\/b><\/strong><\/h3>\n<p>A: O carregador inteligente para ve\u00edculos el\u00e9tricos U-charging est\u00e1 dispon\u00edvel em configura\u00e7\u00f5es de 7 kW, 11 kW e 22 kW. Ele suporta instala\u00e7\u00e3o na parede ou em pedestal e inclui um cabo de 5 metros. A configura\u00e7\u00e3o adequada depende da capacidade do dep\u00f3sito, do tempo de estacionamento e do limite de carregamento CA de cada ve\u00edculo da frota.<\/p>\n<h3><strong><b>P: Como uma frota pode preparar seu centro de recarga para expans\u00e3o?<\/b><\/strong><\/h3>\n<p>A: Uma frota pode reservar capacidade de distribui\u00e7\u00e3o, rotas de dutos, posi\u00e7\u00f5es de estacionamento, cobertura de rede e espa\u00e7o para manuten\u00e7\u00e3o antes de adicionar mais carregadores. A implanta\u00e7\u00e3o faseada permite que o operador comece com ve\u00edculos que tenham cronogramas previs\u00edveis, me\u00e7a as necessidades pr\u00e1ticas de carregamento e preserve \u00e1reas adequadas para equipamentos CA ou CC adicionais posteriormente.<\/p>","protected":false},"excerpt":{"rendered":"<p>As solu\u00e7\u00f5es de carregamento de ve\u00edculos el\u00e9tricos para frotas devem ser projetadas considerando o hor\u00e1rio de retorno dos ve\u00edculos, a dist\u00e2ncia percorrida, o tempo de estacionamento e o hor\u00e1rio de partida. O carregamento CA pode atender ve\u00edculos com longos per\u00edodos de perman\u00eancia em dep\u00f3sitos, enquanto o carregamento r\u00e1pido CC pode recarregar a energia da bateria e restaurar o estado de carga (SOC) do ve\u00edculo em intervalos operacionais mais curtos. O [\u2026]<\/p>","protected":false},"author":1,"featured_media":3147,"comment_status":"closed","ping_status":"closed","sticky":false,"template":"","format":"standard","meta":{"footnotes":""},"categories":[1,18],"tags":[],"class_list":["post-3141","post","type-post","status-publish","format-standard","has-post-thumbnail","hentry","category-news","category-industry-news"],"_links":{"self":[{"href":"https:\/\/www.u-charg.com\/pt\/wp-json\/wp\/v2\/posts\/3141","targetHints":{"allow":["GET"]}}],"collection":[{"href":"https:\/\/www.u-charg.com\/pt\/wp-json\/wp\/v2\/posts"}],"about":[{"href":"https:\/\/www.u-charg.com\/pt\/wp-json\/wp\/v2\/types\/post"}],"author":[{"embeddable":true,"href":"https:\/\/www.u-charg.com\/pt\/wp-json\/wp\/v2\/users\/1"}],"replies":[{"embeddable":true,"href":"https:\/\/www.u-charg.com\/pt\/wp-json\/wp\/v2\/comments?post=3141"}],"version-history":[{"count":1,"href":"https:\/\/www.u-charg.com\/pt\/wp-json\/wp\/v2\/posts\/3141\/revisions"}],"predecessor-version":[{"id":3149,"href":"https:\/\/www.u-charg.com\/pt\/wp-json\/wp\/v2\/posts\/3141\/revisions\/3149"}],"wp:featuredmedia":[{"embeddable":true,"href":"https:\/\/www.u-charg.com\/pt\/wp-json\/wp\/v2\/media\/3147"}],"wp:attachment":[{"href":"https:\/\/www.u-charg.com\/pt\/wp-json\/wp\/v2\/media?parent=3141"}],"wp:term":[{"taxonomy":"category","embeddable":true,"href":"https:\/\/www.u-charg.com\/pt\/wp-json\/wp\/v2\/categories?post=3141"},{"taxonomy":"post_tag","embeddable":true,"href":"https:\/\/www.u-charg.com\/pt\/wp-json\/wp\/v2\/tags?post=3141"}],"curies":[{"name":"wp","href":"https:\/\/api.w.org\/{rel}","templated":true}]}}